{"id":21702,"date":"2023-01-30T12:30:26","date_gmt":"2023-01-30T12:30:26","guid":{"rendered":"http:\/\/masfacades2.local\/world-of-facades-poland\/"},"modified":"2023-03-29T12:22:38","modified_gmt":"2023-03-29T12:22:38","slug":"world-of-facades-poland","status":"publish","type":"post","link":"https:\/\/masfacades.com\/pl\/world-of-facades-poland\/","title":{"rendered":"World of Fa\u00e7ades Poland"},"content":{"rendered":"\t\t<div data-elementor-type=\"wp-post\" data-elementor-id=\"21702\" class=\"elementor elementor-21702\">\n\t\t\t\t\t\t<section class=\"has_eae_slider wd-negative-gap elementor-section elementor-top-section elementor-element elementor-element-b4da1c2 elementor-section-boxed elementor-section-height-default elementor-section-height-default wd-section-disabled\" data-id=\"b4da1c2\" data-element_type=\"section\">\n\t\t\t\t\t\t<div class=\"elementor-container elementor-column-gap-default\">\n\t\t\t\t\t<div class=\"has_eae_slider elementor-column elementor-col-100 elementor-top-column elementor-element elementor-element-92a47f1\" data-id=\"92a47f1\" data-element_type=\"column\">\n\t\t\t<div class=\"elementor-widget-wrap elementor-element-populated\">\n\t\t\t\t\t\t<div class=\"elementor-element elementor-element-8ba0a35 elementor-widget elementor-widget-wd_text_block\" data-id=\"8ba0a35\" data-element_type=\"widget\" data-widget_type=\"wd_text_block.default\">\n\t\t\t\t<div class=\"elementor-widget-container\">\n\t\t\t\t\t<div class=\"wd-text-block reset-last-child text-left\">\n\t\t\t\n\t\t\t<p><strong>105. edycja na \u015bwiecie i 1. edycja w Polsce, podczas kt\u00f3rej zaprezentowano zr\u00f3wnowa\u017cone innowacje i wyzwania w bran\u017cy budowlanej dotycz\u0105ce przegr\u00f3d zewn\u0119trznych budynk\u00f3w, a tak\u017ce zaprezentowano najnowsze rozwi\u0105zania technologiczne.<\/strong><\/p>\n\t\t\t\t\t<\/div>\n\t\t\t\t<\/div>\n\t\t\t\t<\/div>\n\t\t\t\t\t<\/div>\n\t\t<\/div>\n\t\t\t\t\t<\/div>\n\t\t<\/section>\n\t\t\t\t<section class=\"has_eae_slider wd-negative-gap elementor-section elementor-top-section elementor-element elementor-element-b817932 elementor-section-content-top elementor-section-boxed elementor-section-height-default elementor-section-height-default wd-section-disabled\" data-id=\"b817932\" data-element_type=\"section\">\n\t\t\t\t\t\t<div class=\"elementor-container elementor-column-gap-default\">\n\t\t\t\t\t<div class=\"has_eae_slider elementor-column elementor-col-50 elementor-top-column elementor-element elementor-element-d05153b\" data-id=\"d05153b\" data-element_type=\"column\">\n\t\t\t<div class=\"elementor-widget-wrap elementor-element-populated\">\n\t\t\t\t\t\t<div class=\"elementor-element elementor-element-b4712f8 elementor-widget elementor-widget-wd_text_block\" data-id=\"b4712f8\" data-element_type=\"widget\" data-widget_type=\"wd_text_block.default\">\n\t\t\t\t<div class=\"elementor-widget-container\">\n\t\t\t\t\t<div class=\"wd-text-block reset-last-child text-left\">\n\t\t\t\n\t\t\t<p>Artur Soko\u0142owski z MAS Design moderowa\u0142 panel \u201eProjektowanie zr\u00f3wnowa\u017conych elewacji dla miasta jutra\u201d. Wraz z innymi uczestnikami panelu om\u00f3wiono nast\u0119puj\u0105ce tematy: <br>- Czy bran\u017ca budowlana w Polsce jest gotowa na projekty zeroemisyjne? Jaki jest obecny stan i co jeszcze mo\u017cna zrobi\u0107? <\/p>\n\t\t\t\t\t<\/div>\n\t\t\t\t<\/div>\n\t\t\t\t<\/div>\n\t\t\t\t<div class=\"elementor-element elementor-element-a2aa959 elementor-widget elementor-widget-image\" data-id=\"a2aa959\" data-element_type=\"widget\" data-widget_type=\"image.default\">\n\t\t\t\t<div class=\"elementor-widget-container\">\n\t\t\t\t\t\t\t\t\t\t\t\t\t\t<a href=\"http:\/\/masfacades.local\/wp-content\/uploads\/2021\/08\/01.jpg\" data-elementor-open-lightbox=\"yes\" data-elementor-lightbox-title=\"01\" data-e-action-hash=\"#elementor-action%3Aaction%3Dlightbox%26settings%3DeyJpZCI6MjEzNDksInVybCI6Imh0dHBzOlwvXC9tYXNmYWNhZGVzLmNvbVwvd3AtY29udGVudFwvdXBsb2Fkc1wvMjAyMVwvMDhcLzAxLmpwZyJ9\" target=\"_blank\" rel=\"noopener\">\n\t\t\t\t\t\t\t<img decoding=\"async\" src=\"https:\/\/masfacades.com\/wp-content\/uploads\/elementor\/thumbs\/01-qtjctov43btrlirh32qstnwarci3bky78iqcizo034.jpg\" title=\"01\" alt=\"01\" loading=\"lazy\" \/>\t\t\t\t\t\t\t\t<\/a>\n\t\t\t\t\t\t\t\t\t\t\t\t\t<\/div>\n\t\t\t\t<\/div>\n\t\t\t\t\t<\/div>\n\t\t<\/div>\n\t\t\t\t<div class=\"has_eae_slider elementor-column elementor-col-50 elementor-top-column elementor-element elementor-element-e81e3ad\" data-id=\"e81e3ad\" data-element_type=\"column\">\n\t\t\t<div class=\"elementor-widget-wrap elementor-element-populated\">\n\t\t\t\t\t\t<div class=\"elementor-element elementor-element-e3bf2c7 elementor-widget elementor-widget-wd_text_block\" data-id=\"e3bf2c7\" data-element_type=\"widget\" data-widget_type=\"wd_text_block.default\">\n\t\t\t\t<div class=\"elementor-widget-container\">\n\t\t\t\t\t<div class=\"wd-text-block reset-last-child text-left\">\n\t\t\t\n\t\t\t<p>- Rola przegr\u00f3d budowlanych w obowi\u0105zuj\u0105cych przepisach budowlanych<br>- W jaki spos\u00f3b strategie projektowania przegr\u00f3d zewn\u0119trznych budynk\u00f3w mog\u0105 przyczyni\u0107 si\u0119 do ca\u0142o\u015bciowej poprawy komfortu \u017cycia ludzi?<br>- Zach\u0119cenie deweloper\u00f3w do wi\u0119kszych inwestycji?<br>(Regulaminy, zezwolenia, bonusy...)<br>- Spojrzenie poza w\u0119giel operacyjny i przej\u015bcie do kalkulacji wbudowanego \u015bladu w\u0119glowego. <\/p>\n\t\t\t\t\t<\/div>\n\t\t\t\t<\/div>\n\t\t\t\t<\/div>\n\t\t\t\t<div class=\"elementor-element elementor-element-0f94d60 elementor-widget elementor-widget-image\" data-id=\"0f94d60\" data-element_type=\"widget\" data-widget_type=\"image.default\">\n\t\t\t\t<div class=\"elementor-widget-container\">\n\t\t\t\t\t\t\t\t\t\t\t\t\t\t<a href=\"http:\/\/masfacades.local\/wp-content\/uploads\/2021\/08\/52531069439_dafd2a2403_6k-scaled-1.jpg\" data-elementor-open-lightbox=\"yes\" data-elementor-lightbox-title=\"52531069439_dafd2a2403_6k-scaled\" data-e-action-hash=\"#elementor-action%3Aaction%3Dlightbox%26settings%3DeyJpZCI6MjEzNDQsInVybCI6Imh0dHBzOlwvXC9tYXNmYWNhZGVzLmNvbVwvd3AtY29udGVudFwvdXBsb2Fkc1wvMjAyMVwvMDhcLzUyNTMxMDY5NDM5X2RhZmQyYTI0MDNfNmstc2NhbGVkLTEuanBnIn0%3D\" target=\"_blank\" rel=\"noopener\">\n\t\t\t\t\t\t\t<img decoding=\"async\" src=\"https:\/\/masfacades.com\/wp-content\/uploads\/elementor\/thumbs\/52531069439_dafd2a2403_6k-scaled-1-qtjcrmlv3f044brc4on9uomvtwo3fhremb6zm4q3qo.jpg\" title=\"52531069439_dafd2a2403_6k-scaled\" alt=\"52531069439_dafd2a2403_6k-scaled\" loading=\"lazy\" \/>\t\t\t\t\t\t\t\t<\/a>\n\t\t\t\t\t\t\t\t\t\t\t\t\t<\/div>\n\t\t\t\t<\/div>\n\t\t\t\t\t<\/div>\n\t\t<\/div>\n\t\t\t\t\t<\/div>\n\t\t<\/section>\n\t\t\t\t<\/div>\n\t\t","protected":false},"excerpt":{"rendered":"<p>105. edycja na \u015bwiecie i 1. edycja w Polsce, podczas kt\u00f3rej zaprezentowano innowacje spe\u0142niaj\u0105ce warunki zrownowa\u017conego rozwoju i wyzwania w bran\u017cy budowlanej&#8230;<\/p>\n","protected":false},"author":111,"featured_media":21359,"comment_status":"open","ping_status":"open","sticky":false,"template":"","format":"standard","meta":{"footnotes":""},"categories":[18,98,16],"tags":[126,138,140,139],"class_list":["post-21702","post","type-post","status-publish","format-standard","has-post-thumbnail","hentry","category-facades","category-news","category-technology","tag-news-pl","tag-fasady","tag-polska","tag-warszawa"],"_links":{"self":[{"href":"https:\/\/masfacades.com\/pl\/wp-json\/wp\/v2\/posts\/21702"}],"collection":[{"href":"https:\/\/masfacades.com\/pl\/wp-json\/wp\/v2\/posts"}],"about":[{"href":"https:\/\/masfacades.com\/pl\/wp-json\/wp\/v2\/types\/post"}],"author":[{"embeddable":true,"href":"https:\/\/masfacades.com\/pl\/wp-json\/wp\/v2\/users\/111"}],"replies":[{"embeddable":true,"href":"https:\/\/masfacades.com\/pl\/wp-json\/wp\/v2\/comments?post=21702"}],"version-history":[{"count":0,"href":"https:\/\/masfacades.com\/pl\/wp-json\/wp\/v2\/posts\/21702\/revisions"}],"wp:featuredmedia":[{"embeddable":true,"href":"https:\/\/masfacades.com\/pl\/wp-json\/wp\/v2\/media\/21359"}],"wp:attachment":[{"href":"https:\/\/masfacades.com\/pl\/wp-json\/wp\/v2\/media?parent=21702"}],"wp:term":[{"taxonomy":"category","embeddable":true,"href":"https:\/\/masfacades.com\/pl\/wp-json\/wp\/v2\/categories?post=21702"},{"taxonomy":"post_tag","embeddable":true,"href":"https:\/\/masfacades.com\/pl\/wp-json\/wp\/v2\/tags?post=21702"}],"curies":[{"name":"wp","href":"https:\/\/api.w.org\/{rel}","templated":true}]}}